[{"@context":"https:\/\/schema.org\/","@type":"Article","@id":"https:\/\/www.biozen.cz\/tohle-proste-musi-vas-dum-mit\/#Article","mainEntityOfPage":"https:\/\/www.biozen.cz\/tohle-proste-musi-vas-dum-mit\/","headline":"Tohle prost\u011b mus\u00ed v\u00e1\u0161 d\u016fm m\u00edt","name":"Tohle prost\u011b mus\u00ed v\u00e1\u0161 d\u016fm m\u00edt","description":"Ka\u017ed\u00fd den ukl\u00edz\u00edte, pe\u010dliv\u011b se star\u00e1te o va\u0161i zahradu, \u017ee by ka\u017ed\u00fd zahradn\u00edk mohl z\u00e1vid\u011bt, ale st\u00e1le p\u0159em\u00fd\u0161l\u00edte, jak by v\u00e1\u0161 d\u016fm mohl vypadat je\u0161t\u011b dokonaleji? Pokud chcete v\u00e1m i<p class=\"more-link\"><a href=\"https:\/\/www.biozen.cz\/tohle-proste-musi-vas-dum-mit\/\" class=\"readmore\">P\u0159e\u010d\u00edst<svg class=\"icon icon-angle-right\" aria-hidden=\"true\" role=\"img\"> <use href=\"#icon-angle-right\" xlink:href=\"#icon-angle-right\"><\/use> <\/svg><span class=\"screen-reader-text\">Tohle prost\u011b mus\u00ed v\u00e1\u0161 d\u016fm m\u00edt<\/span><\/a><\/p>","datePublished":"2024-04-24","dateModified":"2024-04-24","author":{"@type":"Person","@id":"https:\/\/www.biozen.cz\/author\/#Person","name":"","url":"https:\/\/www.biozen.cz\/author\/","identifier":1,"image":{"@type":"ImageObject","@id":"https:\/\/secure.gravatar.com\/avatar\/f7b3e8bb7f7cc0c6ca940e74a10b952be4c7d81de8a980387c865f88889f02e3?s=96&d=mm&r=g","url":"https:\/\/secure.gravatar.com\/avatar\/f7b3e8bb7f7cc0c6ca940e74a10b952be4c7d81de8a980387c865f88889f02e3?s=96&d=mm&r=g","height":96,"width":96}},"publisher":{"@type":"Organization","name":"biozen.cz","logo":{"@type":"ImageObject","@id":"\/logo.png","url":"\/logo.png","width":600,"height":60}},"url":"https:\/\/www.biozen.cz\/tohle-proste-musi-vas-dum-mit\/","wordCount":257,"articleBody":"Ka\u017ed\u00fd den ukl\u00edz\u00edte, pe\u010dliv\u011b se star\u00e1te o va\u0161i zahradu, \u017ee by ka\u017ed\u00fd zahradn\u00edk mohl z\u00e1vid\u011bt, ale st\u00e1le p\u0159em\u00fd\u0161l\u00edte, jak by v\u00e1\u0161 d\u016fm mohl vypadat je\u0161t\u011b dokonaleji? Pokud chcete v\u00e1m i va\u0161emu domu dop\u0159\u00e1t ten nejvy\u0161\u0161\u00ed luxus, po\u0159i\u010fte si nov\u00e9 nejkvalitn\u011bj\u0161\u00ed vchodov\u00e9 dve\u0159e od na\u0161\u00ed firmy. Na na\u0161ich webov\u00fdch str\u00e1nk\u00e1ch najdete ten nejlep\u0161\u00ed p\u0159ehled v\u0161ech r\u016fzn\u00fdch druh\u016f s podrobn\u00fdmi informacemi i fotografiemi, kter\u00e9 v\u00e1s jist\u011b o na\u0161ich kvalit\u00e1ch p\u0159esv\u011bd\u010d\u00ed. Po\u0159i\u010fte si luxus, kter\u00fd prost\u011b v\u00e1\u0161 d\u016fm mus\u00ed m\u00edt!D\u0159evo-hlin\u00edk, ve kter\u00e9m si libuj\u00ed na\u0161i nejn\u00e1ro\u010dn\u011bj\u0161\u00ed z\u00e1kazn\u00edciPat\u0159\u00edte mezi lidi, kter\u00fdm se jen tak n\u011bco nezamlouv\u00e1 a aby byli maxim\u00e1ln\u011b spokojeni, tak to v\u011bt\u0161inou zahrnuje neuv\u011b\u0159iteln\u00fd luxus a ty nejkvalitn\u011bj\u0161\u00ed slu\u017eby na trhu? Pokud zrovna sh\u00e1n\u00edte vysn\u011bn\u00e9 vchodov\u00e9 dve\u0159e Ostrava a m\u00e1te zna\u010dn\u00e9 p\u0159edstavy o tom, jak by m\u011blo v\u0161e vypadat, m\u011bli byste se pod\u00edvat na nab\u00eddku na na\u0161ich internetov\u00fdch str\u00e1nk\u00e1ch, kde najdete p\u0159esn\u011b to, co hled\u00e1te. Nap\u0159\u00edklad takov\u00e1 kombinace d\u0159evo-hlin\u00edk je opravdu velmi obl\u00edben\u00e1 mezi nejn\u00e1ro\u010dn\u011bj\u0161\u00edmi z\u00e1kazn\u00edky a zaru\u010dujeme v\u00e1m, \u017ee v\u011bt\u0161\u00ed luxus u\u017e nese\u017eenete.                                                                                                                                                                                                                                                                                                                                                                                        4.6\/5 - (7 votes)        "},{"@context":"https:\/\/schema.org\/","@type":"BreadcrumbList","itemListElement":[{"@type":"ListItem","position":1,"name":"Tohle prost\u011b mus\u00ed v\u00e1\u0161 d\u016fm m\u00edt","item":"https:\/\/www.biozen.cz\/tohle-proste-musi-vas-dum-mit\/#breadcrumbitem"}]}]