[{"@context":"https:\/\/schema.org\/","@type":"Article","@id":"https:\/\/www.biozen.cz\/bazen-nejen-v-lete\/#Article","mainEntityOfPage":"https:\/\/www.biozen.cz\/bazen-nejen-v-lete\/","headline":"Baz\u00e9n nejen v l\u00e9t\u011b","name":"Baz\u00e9n nejen v l\u00e9t\u011b","description":"L\u00e9to je hezk\u00e9 obdob\u00ed, kdy je teplo, \u010dlov\u011bk nemus\u00ed nosit tepl\u00e9 bundy a n\u011bkolik vrstev, ale prost\u011b na sebe hod\u00ed tri\u010dko, \u0161ortky a jde. Na noh\u00e1ch \u017eabky, na o\u010d\u00edch slune\u010dn\u00ed<p class=\"more-link\"><a href=\"https:\/\/www.biozen.cz\/bazen-nejen-v-lete\/\" class=\"readmore\">P\u0159e\u010d\u00edst<svg class=\"icon icon-angle-right\" aria-hidden=\"true\" role=\"img\"> <use href=\"#icon-angle-right\" xlink:href=\"#icon-angle-right\"><\/use> <\/svg><span class=\"screen-reader-text\">Baz\u00e9n nejen v l\u00e9t\u011b<\/span><\/a><\/p>","datePublished":"2023-10-23","dateModified":"2024-04-17","author":{"@type":"Person","@id":"https:\/\/www.biozen.cz\/author\/#Person","name":"","url":"https:\/\/www.biozen.cz\/author\/","identifier":1,"image":{"@type":"ImageObject","@id":"https:\/\/secure.gravatar.com\/avatar\/f7b3e8bb7f7cc0c6ca940e74a10b952be4c7d81de8a980387c865f88889f02e3?s=96&d=mm&r=g","url":"https:\/\/secure.gravatar.com\/avatar\/f7b3e8bb7f7cc0c6ca940e74a10b952be4c7d81de8a980387c865f88889f02e3?s=96&d=mm&r=g","height":96,"width":96}},"publisher":{"@type":"Organization","name":"biozen.cz","logo":{"@type":"ImageObject","@id":"\/logo.png","url":"\/logo.png","width":600,"height":60}},"image":{"@type":"ImageObject","@id":"https:\/\/www.biozen.cz\/wp-content\/uploads\/joe-ciciarelli-08AJKJf75kw-unsplash%20(1).jpg","url":"https:\/\/www.biozen.cz\/wp-content\/uploads\/joe-ciciarelli-08AJKJf75kw-unsplash%20(1).jpg","height":0,"width":0},"url":"https:\/\/www.biozen.cz\/bazen-nejen-v-lete\/","wordCount":482,"articleBody":"      L\u00e9to je hezk\u00e9 obdob\u00ed, kdy je teplo, \u010dlov\u011bk nemus\u00ed nosit tepl\u00e9 bundy a n\u011bkolik vrstev, ale prost\u011b na sebe hod\u00ed tri\u010dko, \u0161ortky a jde. Na noh\u00e1ch \u017eabky, na o\u010d\u00edch slune\u010dn\u00ed br\u00fdle, zkr\u00e1tka to je to, co n\u00e1m te\u010f zase bude n\u011bjakou dobu chyb\u011bt, proto\u017ee zima je tady a na n\u011bco takov\u00e9ho m\u016f\u017eeme zase na rok zapomenout, proto\u017ee u n\u00e1s, v m\u00edrn\u00e9m podnebn\u00e9m p\u00e1se zkr\u00e1tka je v\u011bt\u0161inou zima a \u010dlov\u011bk si mus\u00ed opravdu po\u010dkat na l\u00e9to, aby si mohl obl\u00e9ct jen tri\u010dko a neumrznul p\u0159i tom. L\u00e9to m\u00e1 hodn\u011b lid\u00ed r\u00e1do, a tak maj\u00ed lid\u00e9 v zim\u011b v\u011bt\u0161inou hodn\u011b \u0161patnou n\u00e1ladu. Pro\u010d? Zkr\u00e1tka je to proto, \u017ee nesv\u00edt\u00ed slun\u00ed\u010dko, kter\u00e9 n\u00e1m dod\u00e1v\u00e1 vitam\u00edny, lid\u00e9 jsou na\u0161tvan\u00ed, \u017ee mus\u00ed do takov\u00e9ho po\u010das\u00ed ven vyj\u00edt a podobn\u011b.Je to sice smutn\u00e9, kdy\u017e je v\u0161ude zamra\u010deno a do toho t\u0159eba je\u0161t\u011b pr\u0161\u00ed, ale zase v\u00edme, \u017ee p\u0159ich\u00e1z\u00ed V\u00e1noce, a to je to hlavn\u00ed, ne? Jsou to sv\u00e1tky m\u00edru a klidu a v\u0161ichni se na n\u011b p\u0159eci t\u011b\u0161\u00edme. V\u00e1noce jsou toti\u017e jedin\u00e9 obdob\u00ed, kdy lid\u00e9 zapomenou na starosti a u\u017e\u00edvaj\u00ed si, \u017ee jsou spolu. V\u011bd\u011bli jste ale, \u017ee si takov\u00e9 l\u00e9to m\u016f\u017eete p\u0159in\u00e9st i do zimy? A to t\u0159eba formou baz\u00e9nu? Nen\u00ed moc zn\u00e1mo, \u017ee baz\u00e9n m\u016f\u017eete pou\u017e\u00edvat i v zim\u011b, ale mus\u00edte m\u00edt baz\u00e9n, kter\u00fd je l tomu p\u0159izp\u016fsoben\u00fd, mus\u00ed b\u00fdt tedy zateplen\u00fd a kryt\u00fd, aby se v n\u011bm dr\u017eelo teplo. Nafukovac\u00ed baz\u00e9n v zim\u011b asi m\u00edt jen tak nebudete. Ale ten kryt\u00fd u\u017e je n\u011bco jin\u00e9ho a samoz\u0159ejm\u011b mo\u017enost tam je. Pokud tedy tak\u00e9 tak milujete l\u00e9to a chcete ho c\u00edtit i v zim\u011b, nechejte si takov\u00fd baz\u00e9n ud\u011blat. Dejte si do n\u011bj baz\u00e9novou s\u016fl a budete se nav\u00edc c\u00edtit jako u mo\u0159e. Ta nav\u00edc nen\u00ed jen k tomu va\u0161emu pocitu, ale tak\u00e9 je l\u00e9\u010div\u00e1 na k\u016f\u017ei. Jist\u011b jste si mohli v\u0161imnout, \u017ee kdy\u017e jste byli u mo\u0159e a m\u011bli jste n\u011bjak\u00e9 bol\u00edstko, tak se v\u00e1m to mnohem rychleji zahojilo, proto\u017ee s\u016fl p\u016fsob\u00ed tak\u00e9 jako dezinfekce a vy\u010distila v\u00e1m r\u00e1nu. Tak\u017ee krom\u011b toho je s\u016fl tak\u00e9 takto u\u017eite\u010dn\u00e1. M\u00edt baz\u00e9n v zim\u011b je opravdu luxusn\u00ed a pokud si chcete u\u017e\u00edvat v zim\u011b l\u00e9ta, je tato nab\u00eddka p\u0159\u00edmo pro v\u00e1s.                                                                                                                                                                                                                                                                                                                                                                                          3.7\/5 - (10 votes)        "},{"@context":"https:\/\/schema.org\/","@type":"BreadcrumbList","itemListElement":[{"@type":"ListItem","position":1,"name":"Baz\u00e9n nejen v l\u00e9t\u011b","item":"https:\/\/www.biozen.cz\/bazen-nejen-v-lete\/#breadcrumbitem"}]}]